{"id":958,"date":"2026-03-13T10:38:01","date_gmt":"2026-03-13T09:38:01","guid":{"rendered":"https:\/\/www.astridbrauer-pr.de\/?p=958"},"modified":"2026-04-24T12:00:34","modified_gmt":"2026-04-24T10:00:34","slug":"neue-cd-von-anne-sophie-bertrand-zu-gast-in-amalie-beers-salon","status":"publish","type":"post","link":"https:\/\/www.astridbrauer-pr.de\/en\/2026\/03\/13\/neue-cd-von-anne-sophie-bertrand-zu-gast-in-amalie-beers-salon\/","title":{"rendered":"Anne-Sophie Bertrand with new disc: visiting Amalie Beer\u2019s salon"},"content":{"rendered":"<div data-elementor-type=\"wp-post\" data-elementor-id=\"958\" class=\"elementor elementor-958\">\n\t\t\t\t<div class=\"elementor-element elementor-element-313be503 e-flex e-con-boxed wpr-particle-no wpr-jarallax-no wpr-parallax-no wpr-sticky-section-no wpr-equal-height-no e-con e-parent\" data-id=\"313be503\" data-element_type=\"container\" data-e-type=\"container\">\n\t\t\t\t\t<div class=\"e-con-inner\">\n\t\t\t\t<div class=\"elementor-element elementor-element-798c1a6b elementor-widget elementor-widget-text-editor\" data-id=\"798c1a6b\" data-element_type=\"widget\" data-e-type=\"widget\" data-widget_type=\"text-editor.default\">\n\t\t\t\t\t\t\t\t\t<p><\/p>\n<p>French harpist <a id=\"https:\/\/annesophiebertrand.com\/\" href=\"https:\/\/annesophiebertrand.com\/\" target=\"_blank\" rel=\"noreferrer noopener\" type=\"link\">Anne-Sophie Bertrand<\/a> ver\u00f6ffentlicht heute eine neue CD. Mit dem Album \u201e<a id=\"https:\/\/www.pentatonemusic.com\/product\/amalies-cosmos\/\" href=\"https:\/\/www.pentatonemusic.com\/product\/amalies-cosmos\/\" target=\"_blank\" rel=\"noreferrer noopener\" type=\"link\">Amalie\u2019s Cosmos<\/a>\u201c erinnert die Franz\u00f6sin an den Salon der Amalie Beer, Mutter des Komponisten Giacomo Meyerbeer. Auf der Aufnahme erklingen Werke, wie sie in Amalie Beers Salon zu h\u00f6ren gewesen sein k\u00f6nnten. Ein Salon mitten in Berlin, Mitte des 19. Jahrhunderts, in dem sich die gro\u00dfen Denker, Forscher, Politiker, Komponisten und Musiker die Klinke in die Hand gaben. Anne-Sophie Bertrand hat Werke von Fanny Mendelssohn, Claude Debussy, Franz Liszt, Louis Spohr, Pauline Viardot und anderen bedeutenden Komponist:innen eingespielt, erschienen ist die CD bei Pentatone.&nbsp;<\/p>\n<p><\/p>\n<p><\/p>\t\t\t\t\t\t\t\t<\/div>\n\t\t\t\t\t<\/div>\n\t\t\t\t<\/div>\n\t\t\t\t<\/div>","protected":false},"excerpt":{"rendered":"<p>Die franz\u00f6sische Harfenistin Anne-Sophie Bertrand ver\u00f6ffentlicht heute eine neue CD. Mit dem Album \u201eAmalie\u2019s Cosmos\u201c erinnert die Franz\u00f6sin an den Salon der Amalie Beer, Mutter des Komponisten Giacomo Meyerbeer. Auf der Aufnahme erklingen Werke, wie sie in Amalie Beers Salon zu h\u00f6ren gewesen sein k\u00f6nnten. Ein Salon mitten in Berlin, Mitte des 19. Jahrhunderts, in dem sich die gro\u00dfen Denker, Forscher, Politiker, Komponisten und Musiker die Klinke in die Hand gaben. Anne-Sophie Bertrand hat Werke von Fanny Mendelssohn, Claude Debussy, Franz Liszt, Louis Spohr, Pauline Viardot und anderen bedeutenden Komponist:innen eingespielt, erschienen ist die CD bei Pentatone.&nbsp;<\/p>","protected":false},"author":4,"featured_media":959,"comment_status":"closed","ping_status":"closed","sticky":false,"template":"","format":"standard","meta":{"inline_featured_image":false,"footnotes":""},"categories":[1],"tags":[15,13,17,14,16,12],"class_list":["post-958","post","type-post","status-publish","format-standard","has-post-thumbnail","hentry","category-allgemein","tag-amalie-beer","tag-anne-sophie-bertrand","tag-berlin","tag-harfe","tag-klassische-musik","tag-neue-cd"],"yoast_head":"<!-- This site is optimized with the Yoast SEO plugin v27.4 - https:\/\/yoast.com\/product\/yoast-seo-wordpress\/ -->\n<title>Neue CD von Anne-Sophie Bertrand: zu Gast in Amalie Beers Salon - Astrid Brauer PR<\/title>\n<meta name=\"robots\" content=\"index, follow, max-snippet:-1, max-image-preview:large, max-video-preview:-1\" \/>\n<link rel=\"canonical\" href=\"https:\/\/www.astridbrauer-pr.de\/en\/2026\/03\/13\/neue-cd-von-anne-sophie-bertrand-zu-gast-in-amalie-beers-salon\/\" \/>\n<meta property=\"og:locale\" content=\"en_GB\" \/>\n<meta property=\"og:type\" content=\"article\" \/>\n<meta property=\"og:title\" content=\"Neue CD von Anne-Sophie Bertrand: zu Gast in Amalie Beers Salon - Astrid Brauer PR\" \/>\n<meta property=\"og:description\" content=\"Die franz\u00f6sische Harfenistin Anne-Sophie Bertrand ver\u00f6ffentlicht heute eine neue CD. Mit dem Album \u201eAmalie\u2019s Cosmos\u201c erinnert die Franz\u00f6sin an den Salon der Amalie Beer, Mutter des Komponisten Giacomo Meyerbeer. Auf der Aufnahme erklingen Werke, wie sie in Amalie Beers Salon zu h\u00f6ren gewesen sein k\u00f6nnten. Ein Salon mitten in Berlin, Mitte des 19. Jahrhunderts, in dem sich die gro\u00dfen Denker, Forscher, Politiker, Komponisten und Musiker die Klinke in die Hand gaben. Anne-Sophie Bertrand hat Werke von Fanny Mendelssohn, Claude Debussy, Franz Liszt, Louis Spohr, Pauline Viardot und anderen bedeutenden Komponist:innen eingespielt, erschienen ist die CD bei Pentatone.&nbsp;\" \/>\n<meta property=\"og:url\" content=\"https:\/\/www.astridbrauer-pr.de\/en\/2026\/03\/13\/neue-cd-von-anne-sophie-bertrand-zu-gast-in-amalie-beers-salon\/\" \/>\n<meta property=\"og:site_name\" content=\"Astrid Brauer PR\" \/>\n<meta property=\"article:published_time\" content=\"2026-03-13T09:38:01+00:00\" \/>\n<meta property=\"article:modified_time\" content=\"2026-04-24T10:00:34+00:00\" \/>\n<meta property=\"og:image\" content=\"https:\/\/www.astridbrauer-pr.de\/wp-content\/uploads\/2026\/03\/PTC5187497-Amalies-Cosmos-cover-scaled.jpg\" \/>\n\t<meta property=\"og:image:width\" content=\"2560\" \/>\n\t<meta property=\"og:image:height\" content=\"2560\" \/>\n\t<meta property=\"og:image:type\" content=\"image\/jpeg\" \/>\n<meta name=\"author\" content=\"Astrid Brauer\" \/>\n<meta name=\"twitter:card\" content=\"summary_large_image\" \/>\n<meta name=\"twitter:label1\" content=\"Written by\" \/>\n\t<meta name=\"twitter:data1\" content=\"Astrid Brauer\" \/>\n\t<meta name=\"twitter:label2\" content=\"Estimated reading time\" \/>\n\t<meta name=\"twitter:data2\" content=\"1 minute\" \/>\n<script type=\"application\/ld+json\" class=\"yoast-schema-graph\">{\"@context\":\"https:\\\/\\\/schema.org\",\"@graph\":[{\"@type\":\"Article\",\"@id\":\"https:\\\/\\\/www.astridbrauer-pr.de\\\/2026\\\/03\\\/13\\\/neue-cd-von-anne-sophie-bertrand-zu-gast-in-amalie-beers-salon\\\/#article\",\"isPartOf\":{\"@id\":\"https:\\\/\\\/www.astridbrauer-pr.de\\\/2026\\\/03\\\/13\\\/neue-cd-von-anne-sophie-bertrand-zu-gast-in-amalie-beers-salon\\\/\"},\"author\":{\"name\":\"Astrid Brauer\",\"@id\":\"https:\\\/\\\/www.astridbrauer-pr.de\\\/#\\\/schema\\\/person\\\/4c4c5e8531599dfedd20503194ec8511\"},\"headline\":\"Neue CD von Anne-Sophie Bertrand: zu Gast in Amalie Beers Salon\",\"datePublished\":\"2026-03-13T09:38:01+00:00\",\"dateModified\":\"2026-04-24T10:00:34+00:00\",\"mainEntityOfPage\":{\"@id\":\"https:\\\/\\\/www.astridbrauer-pr.de\\\/2026\\\/03\\\/13\\\/neue-cd-von-anne-sophie-bertrand-zu-gast-in-amalie-beers-salon\\\/\"},\"wordCount\":116,\"publisher\":{\"@id\":\"https:\\\/\\\/www.astridbrauer-pr.de\\\/#\\\/schema\\\/person\\\/4c4c5e8531599dfedd20503194ec8511\"},\"image\":{\"@id\":\"https:\\\/\\\/www.astridbrauer-pr.de\\\/2026\\\/03\\\/13\\\/neue-cd-von-anne-sophie-bertrand-zu-gast-in-amalie-beers-salon\\\/#primaryimage\"},\"thumbnailUrl\":\"https:\\\/\\\/www.astridbrauer-pr.de\\\/wp-content\\\/uploads\\\/2026\\\/03\\\/PTC5187497-Amalies-Cosmos-cover-scaled.jpg\",\"keywords\":[\"Amalie Beer\",\"Anne-Sophie Bertrand\",\"Berlin\",\"Harfe\",\"klassische Musik\",\"Neue CD\"],\"articleSection\":[\"Allgemein\"],\"inLanguage\":\"en-GB\"},{\"@type\":\"WebPage\",\"@id\":\"https:\\\/\\\/www.astridbrauer-pr.de\\\/2026\\\/03\\\/13\\\/neue-cd-von-anne-sophie-bertrand-zu-gast-in-amalie-beers-salon\\\/\",\"url\":\"https:\\\/\\\/www.astridbrauer-pr.de\\\/2026\\\/03\\\/13\\\/neue-cd-von-anne-sophie-bertrand-zu-gast-in-amalie-beers-salon\\\/\",\"name\":\"Neue CD von Anne-Sophie Bertrand: zu Gast in Amalie Beers Salon - Astrid Brauer PR\",\"isPartOf\":{\"@id\":\"https:\\\/\\\/www.astridbrauer-pr.de\\\/#website\"},\"primaryImageOfPage\":{\"@id\":\"https:\\\/\\\/www.astridbrauer-pr.de\\\/2026\\\/03\\\/13\\\/neue-cd-von-anne-sophie-bertrand-zu-gast-in-amalie-beers-salon\\\/#primaryimage\"},\"image\":{\"@id\":\"https:\\\/\\\/www.astridbrauer-pr.de\\\/2026\\\/03\\\/13\\\/neue-cd-von-anne-sophie-bertrand-zu-gast-in-amalie-beers-salon\\\/#primaryimage\"},\"thumbnailUrl\":\"https:\\\/\\\/www.astridbrauer-pr.de\\\/wp-content\\\/uploads\\\/2026\\\/03\\\/PTC5187497-Amalies-Cosmos-cover-scaled.jpg\",\"datePublished\":\"2026-03-13T09:38:01+00:00\",\"dateModified\":\"2026-04-24T10:00:34+00:00\",\"breadcrumb\":{\"@id\":\"https:\\\/\\\/www.astridbrauer-pr.de\\\/2026\\\/03\\\/13\\\/neue-cd-von-anne-sophie-bertrand-zu-gast-in-amalie-beers-salon\\\/#breadcrumb\"},\"inLanguage\":\"en-GB\",\"potentialAction\":[{\"@type\":\"ReadAction\",\"target\":[\"https:\\\/\\\/www.astridbrauer-pr.de\\\/2026\\\/03\\\/13\\\/neue-cd-von-anne-sophie-bertrand-zu-gast-in-amalie-beers-salon\\\/\"]}]},{\"@type\":\"ImageObject\",\"inLanguage\":\"en-GB\",\"@id\":\"https:\\\/\\\/www.astridbrauer-pr.de\\\/2026\\\/03\\\/13\\\/neue-cd-von-anne-sophie-bertrand-zu-gast-in-amalie-beers-salon\\\/#primaryimage\",\"url\":\"https:\\\/\\\/www.astridbrauer-pr.de\\\/wp-content\\\/uploads\\\/2026\\\/03\\\/PTC5187497-Amalies-Cosmos-cover-scaled.jpg\",\"contentUrl\":\"https:\\\/\\\/www.astridbrauer-pr.de\\\/wp-content\\\/uploads\\\/2026\\\/03\\\/PTC5187497-Amalies-Cosmos-cover-scaled.jpg\",\"width\":2560,\"height\":2560},{\"@type\":\"BreadcrumbList\",\"@id\":\"https:\\\/\\\/www.astridbrauer-pr.de\\\/2026\\\/03\\\/13\\\/neue-cd-von-anne-sophie-bertrand-zu-gast-in-amalie-beers-salon\\\/#breadcrumb\",\"itemListElement\":[{\"@type\":\"ListItem\",\"position\":1,\"name\":\"Start\",\"item\":\"https:\\\/\\\/www.astridbrauer-pr.de\\\/\"},{\"@type\":\"ListItem\",\"position\":2,\"name\":\"Neue CD von Anne-Sophie Bertrand: zu Gast in Amalie Beers Salon\"}]},{\"@type\":\"WebSite\",\"@id\":\"https:\\\/\\\/www.astridbrauer-pr.de\\\/#website\",\"url\":\"https:\\\/\\\/www.astridbrauer-pr.de\\\/\",\"name\":\"Astrid Brauer PR\",\"description\":\"\",\"publisher\":{\"@id\":\"https:\\\/\\\/www.astridbrauer-pr.de\\\/#\\\/schema\\\/person\\\/4c4c5e8531599dfedd20503194ec8511\"},\"alternateName\":\"Astrid Brauer PR\",\"potentialAction\":[{\"@type\":\"SearchAction\",\"target\":{\"@type\":\"EntryPoint\",\"urlTemplate\":\"https:\\\/\\\/www.astridbrauer-pr.de\\\/?s={search_term_string}\"},\"query-input\":{\"@type\":\"PropertyValueSpecification\",\"valueRequired\":true,\"valueName\":\"search_term_string\"}}],\"inLanguage\":\"en-GB\"},{\"@type\":[\"Person\",\"Organization\"],\"@id\":\"https:\\\/\\\/www.astridbrauer-pr.de\\\/#\\\/schema\\\/person\\\/4c4c5e8531599dfedd20503194ec8511\",\"name\":\"Astrid Brauer\",\"image\":{\"@type\":\"ImageObject\",\"inLanguage\":\"en-GB\",\"@id\":\"https:\\\/\\\/www.astridbrauer-pr.de\\\/wp-content\\\/uploads\\\/2025\\\/10\\\/Foto.jpg\",\"url\":\"https:\\\/\\\/www.astridbrauer-pr.de\\\/wp-content\\\/uploads\\\/2025\\\/10\\\/Foto.jpg\",\"contentUrl\":\"https:\\\/\\\/www.astridbrauer-pr.de\\\/wp-content\\\/uploads\\\/2025\\\/10\\\/Foto.jpg\",\"width\":400,\"height\":400,\"caption\":\"Astrid Brauer\"},\"logo\":{\"@id\":\"https:\\\/\\\/www.astridbrauer-pr.de\\\/wp-content\\\/uploads\\\/2025\\\/10\\\/Foto.jpg\"},\"url\":\"https:\\\/\\\/www.astridbrauer-pr.de\\\/en\\\/author\\\/astrid_brauer\\\/\"}]}<\/script>\n<!-- \/ Yoast SEO plugin. -->","yoast_head_json":{"title":"Neue CD von Anne-Sophie Bertrand: zu Gast in Amalie Beers Salon - Astrid Brauer PR","robots":{"index":"index","follow":"follow","max-snippet":"max-snippet:-1","max-image-preview":"max-image-preview:large","max-video-preview":"max-video-preview:-1"},"canonical":"https:\/\/www.astridbrauer-pr.de\/en\/2026\/03\/13\/neue-cd-von-anne-sophie-bertrand-zu-gast-in-amalie-beers-salon\/","og_locale":"en_GB","og_type":"article","og_title":"Neue CD von Anne-Sophie Bertrand: zu Gast in Amalie Beers Salon - Astrid Brauer PR","og_description":"Die franz\u00f6sische Harfenistin Anne-Sophie Bertrand ver\u00f6ffentlicht heute eine neue CD. Mit dem Album \u201eAmalie\u2019s Cosmos\u201c erinnert die Franz\u00f6sin an den Salon der Amalie Beer, Mutter des Komponisten Giacomo Meyerbeer. Auf der Aufnahme erklingen Werke, wie sie in Amalie Beers Salon zu h\u00f6ren gewesen sein k\u00f6nnten. Ein Salon mitten in Berlin, Mitte des 19. Jahrhunderts, in dem sich die gro\u00dfen Denker, Forscher, Politiker, Komponisten und Musiker die Klinke in die Hand gaben. Anne-Sophie Bertrand hat Werke von Fanny Mendelssohn, Claude Debussy, Franz Liszt, Louis Spohr, Pauline Viardot und anderen bedeutenden Komponist:innen eingespielt, erschienen ist die CD bei Pentatone.&nbsp;","og_url":"https:\/\/www.astridbrauer-pr.de\/en\/2026\/03\/13\/neue-cd-von-anne-sophie-bertrand-zu-gast-in-amalie-beers-salon\/","og_site_name":"Astrid Brauer PR","article_published_time":"2026-03-13T09:38:01+00:00","article_modified_time":"2026-04-24T10:00:34+00:00","og_image":[{"width":2560,"height":2560,"url":"https:\/\/www.astridbrauer-pr.de\/wp-content\/uploads\/2026\/03\/PTC5187497-Amalies-Cosmos-cover-scaled.jpg","type":"image\/jpeg"}],"author":"Astrid Brauer","twitter_card":"summary_large_image","twitter_misc":{"Written by":"Astrid Brauer","Estimated reading time":"1 minute"},"schema":{"@context":"https:\/\/schema.org","@graph":[{"@type":"Article","@id":"https:\/\/www.astridbrauer-pr.de\/2026\/03\/13\/neue-cd-von-anne-sophie-bertrand-zu-gast-in-amalie-beers-salon\/#article","isPartOf":{"@id":"https:\/\/www.astridbrauer-pr.de\/2026\/03\/13\/neue-cd-von-anne-sophie-bertrand-zu-gast-in-amalie-beers-salon\/"},"author":{"name":"Astrid Brauer","@id":"https:\/\/www.astridbrauer-pr.de\/#\/schema\/person\/4c4c5e8531599dfedd20503194ec8511"},"headline":"Neue CD von Anne-Sophie Bertrand: zu Gast in Amalie Beers Salon","datePublished":"2026-03-13T09:38:01+00:00","dateModified":"2026-04-24T10:00:34+00:00","mainEntityOfPage":{"@id":"https:\/\/www.astridbrauer-pr.de\/2026\/03\/13\/neue-cd-von-anne-sophie-bertrand-zu-gast-in-amalie-beers-salon\/"},"wordCount":116,"publisher":{"@id":"https:\/\/www.astridbrauer-pr.de\/#\/schema\/person\/4c4c5e8531599dfedd20503194ec8511"},"image":{"@id":"https:\/\/www.astridbrauer-pr.de\/2026\/03\/13\/neue-cd-von-anne-sophie-bertrand-zu-gast-in-amalie-beers-salon\/#primaryimage"},"thumbnailUrl":"https:\/\/www.astridbrauer-pr.de\/wp-content\/uploads\/2026\/03\/PTC5187497-Amalies-Cosmos-cover-scaled.jpg","keywords":["Amalie Beer","Anne-Sophie Bertrand","Berlin","Harfe","klassische Musik","Neue CD"],"articleSection":["Allgemein"],"inLanguage":"en-GB"},{"@type":"WebPage","@id":"https:\/\/www.astridbrauer-pr.de\/2026\/03\/13\/neue-cd-von-anne-sophie-bertrand-zu-gast-in-amalie-beers-salon\/","url":"https:\/\/www.astridbrauer-pr.de\/2026\/03\/13\/neue-cd-von-anne-sophie-bertrand-zu-gast-in-amalie-beers-salon\/","name":"Neue CD von Anne-Sophie Bertrand: zu Gast in Amalie Beers Salon - Astrid Brauer PR","isPartOf":{"@id":"https:\/\/www.astridbrauer-pr.de\/#website"},"primaryImageOfPage":{"@id":"https:\/\/www.astridbrauer-pr.de\/2026\/03\/13\/neue-cd-von-anne-sophie-bertrand-zu-gast-in-amalie-beers-salon\/#primaryimage"},"image":{"@id":"https:\/\/www.astridbrauer-pr.de\/2026\/03\/13\/neue-cd-von-anne-sophie-bertrand-zu-gast-in-amalie-beers-salon\/#primaryimage"},"thumbnailUrl":"https:\/\/www.astridbrauer-pr.de\/wp-content\/uploads\/2026\/03\/PTC5187497-Amalies-Cosmos-cover-scaled.jpg","datePublished":"2026-03-13T09:38:01+00:00","dateModified":"2026-04-24T10:00:34+00:00","breadcrumb":{"@id":"https:\/\/www.astridbrauer-pr.de\/2026\/03\/13\/neue-cd-von-anne-sophie-bertrand-zu-gast-in-amalie-beers-salon\/#breadcrumb"},"inLanguage":"en-GB","potentialAction":[{"@type":"ReadAction","target":["https:\/\/www.astridbrauer-pr.de\/2026\/03\/13\/neue-cd-von-anne-sophie-bertrand-zu-gast-in-amalie-beers-salon\/"]}]},{"@type":"ImageObject","inLanguage":"en-GB","@id":"https:\/\/www.astridbrauer-pr.de\/2026\/03\/13\/neue-cd-von-anne-sophie-bertrand-zu-gast-in-amalie-beers-salon\/#primaryimage","url":"https:\/\/www.astridbrauer-pr.de\/wp-content\/uploads\/2026\/03\/PTC5187497-Amalies-Cosmos-cover-scaled.jpg","contentUrl":"https:\/\/www.astridbrauer-pr.de\/wp-content\/uploads\/2026\/03\/PTC5187497-Amalies-Cosmos-cover-scaled.jpg","width":2560,"height":2560},{"@type":"BreadcrumbList","@id":"https:\/\/www.astridbrauer-pr.de\/2026\/03\/13\/neue-cd-von-anne-sophie-bertrand-zu-gast-in-amalie-beers-salon\/#breadcrumb","itemListElement":[{"@type":"ListItem","position":1,"name":"Start","item":"https:\/\/www.astridbrauer-pr.de\/"},{"@type":"ListItem","position":2,"name":"Neue CD von Anne-Sophie Bertrand: zu Gast in Amalie Beers Salon"}]},{"@type":"WebSite","@id":"https:\/\/www.astridbrauer-pr.de\/#website","url":"https:\/\/www.astridbrauer-pr.de\/","name":"Astrid Brauer PR","description":"","publisher":{"@id":"https:\/\/www.astridbrauer-pr.de\/#\/schema\/person\/4c4c5e8531599dfedd20503194ec8511"},"alternateName":"Astrid Brauer PR","potentialAction":[{"@type":"SearchAction","target":{"@type":"EntryPoint","urlTemplate":"https:\/\/www.astridbrauer-pr.de\/?s={search_term_string}"},"query-input":{"@type":"PropertyValueSpecification","valueRequired":true,"valueName":"search_term_string"}}],"inLanguage":"en-GB"},{"@type":["Person","Organization"],"@id":"https:\/\/www.astridbrauer-pr.de\/#\/schema\/person\/4c4c5e8531599dfedd20503194ec8511","name":"Astrid Brauer","image":{"@type":"ImageObject","inLanguage":"en-GB","@id":"https:\/\/www.astridbrauer-pr.de\/wp-content\/uploads\/2025\/10\/Foto.jpg","url":"https:\/\/www.astridbrauer-pr.de\/wp-content\/uploads\/2025\/10\/Foto.jpg","contentUrl":"https:\/\/www.astridbrauer-pr.de\/wp-content\/uploads\/2025\/10\/Foto.jpg","width":400,"height":400,"caption":"Astrid Brauer"},"logo":{"@id":"https:\/\/www.astridbrauer-pr.de\/wp-content\/uploads\/2025\/10\/Foto.jpg"},"url":"https:\/\/www.astridbrauer-pr.de\/en\/author\/astrid_brauer\/"}]}},"_links":{"self":[{"href":"https:\/\/www.astridbrauer-pr.de\/en\/wp-json\/wp\/v2\/posts\/958","targetHints":{"allow":["GET"]}}],"collection":[{"href":"https:\/\/www.astridbrauer-pr.de\/en\/wp-json\/wp\/v2\/posts"}],"about":[{"href":"https:\/\/www.astridbrauer-pr.de\/en\/wp-json\/wp\/v2\/types\/post"}],"author":[{"embeddable":true,"href":"https:\/\/www.astridbrauer-pr.de\/en\/wp-json\/wp\/v2\/users\/4"}],"replies":[{"embeddable":true,"href":"https:\/\/www.astridbrauer-pr.de\/en\/wp-json\/wp\/v2\/comments?post=958"}],"version-history":[{"count":13,"href":"https:\/\/www.astridbrauer-pr.de\/en\/wp-json\/wp\/v2\/posts\/958\/revisions"}],"predecessor-version":[{"id":1112,"href":"https:\/\/www.astridbrauer-pr.de\/en\/wp-json\/wp\/v2\/posts\/958\/revisions\/1112"}],"wp:featuredmedia":[{"embeddable":true,"href":"https:\/\/www.astridbrauer-pr.de\/en\/wp-json\/wp\/v2\/media\/959"}],"wp:attachment":[{"href":"https:\/\/www.astridbrauer-pr.de\/en\/wp-json\/wp\/v2\/media?parent=958"}],"wp:term":[{"taxonomy":"category","embeddable":true,"href":"https:\/\/www.astridbrauer-pr.de\/en\/wp-json\/wp\/v2\/categories?post=958"},{"taxonomy":"post_tag","embeddable":true,"href":"https:\/\/www.astridbrauer-pr.de\/en\/wp-json\/wp\/v2\/tags?post=958"}],"curies":[{"name":"wp","href":"https:\/\/api.w.org\/{rel}","templated":true}]}}